[{"@context":"https:\/\/schema.org\/","@type":"Article","@id":"https:\/\/www.adoos.sk\/vystupenie-ceska-z-eu\/#Article","mainEntityOfPage":"https:\/\/www.adoos.sk\/vystupenie-ceska-z-eu\/","headline":"Vyst\u00fapenie \u010ceska z E\u00fa?","name":"Vyst\u00fapenie \u010ceska z E\u00fa?","description":"Zatia\u013e s\u00edce len potichu, ale \u010doraz \u010dastej\u0161ie po\u010dujeme o \u00fav\u00e1h\u00e1ch \u010ceskej republiky vyst\u00fapi\u0165 z Eur\u00f3pskej \u00fanie. Zatia\u013e ide mo\u017eno sk\u00f4r len o \u00favahy, preto\u017ee v\u00fdstupenie \u010ceska z E\u00fa by vraj vyvolalo pre \u010desk\u00fd \u0161t\u00e1t nepr\u00edjemn\u00fa ekonomick\u00fa kr\u00edzu, ktor\u00e1 by mohla trva\u0165 \u00fadajne a\u017e nieko\u013eko desa\u0165ro\u010d\u00ed. \u010cesko je toti\u017e\u00a0 takisto jednou z t\u00fdch kraj\u00edn, ktor\u00e9 prispievaj\u00fa &hellip; <div class=\"link-more text-center\"><a href=\"https:\/\/www.adoos.sk\/vystupenie-ceska-z-eu\/\" class=\"more-link py-2 px-4\">Read More<span class=\"screen-reader-text\"> \"Vyst\u00fapenie \u010ceska z E\u00fa?\"<\/span><\/a><\/div>","datePublished":"2018-01-10","dateModified":"2023-04-25","author":{"@type":"Person","@id":"https:\/\/www.adoos.sk\/author\/#Person","name":"","url":"https:\/\/www.adoos.sk\/author\/","identifier":1,"image":{"@type":"ImageObject","@id":"https:\/\/secure.gravatar.com\/avatar\/390ba47df5874845ef3762ac16ecd0a67f4e30c13cbb7c7ee444ade303aa885b?s=96&d=mm&r=g","url":"https:\/\/secure.gravatar.com\/avatar\/390ba47df5874845ef3762ac16ecd0a67f4e30c13cbb7c7ee444ade303aa885b?s=96&d=mm&r=g","height":96,"width":96}},"publisher":{"@type":"Organization","name":"adoos.sk","logo":{"@type":"ImageObject","@id":"\/logo.png","url":"\/logo.png","width":600,"height":60}},"image":{"@type":"ImageObject","@id":"https:\/\/www.adoos.sk\/wp-content\/uploads\/img_a285594_w2013_t1520706561.jpg","url":"https:\/\/www.adoos.sk\/wp-content\/uploads\/img_a285594_w2013_t1520706561.jpg","height":0,"width":0},"url":"https:\/\/www.adoos.sk\/vystupenie-ceska-z-eu\/","wordCount":378,"articleBody":"Zatia\u013e s\u00edce len potichu, ale \u010doraz \u010dastej\u0161ie po\u010dujeme o \u00fav\u00e1h\u00e1ch \u010ceskej republiky vyst\u00fapi\u0165 z Eur\u00f3pskej \u00fanie. Zatia\u013e ide mo\u017eno sk\u00f4r len o \u00favahy, preto\u017ee v\u00fdstupenie \u010ceska z E\u00fa by vraj vyvolalo pre \u010desk\u00fd \u0161t\u00e1t nepr\u00edjemn\u00fa ekonomick\u00fa kr\u00edzu, ktor\u00e1 by mohla trva\u0165 \u00fadajne a\u017e nieko\u013eko desa\u0165ro\u010d\u00ed.\u010cesko je toti\u017e\u00a0 takisto jednou z t\u00fdch kraj\u00edn, ktor\u00e9 prispievaj\u00fa k ekonomike \u010dast\u00fdm nakupovan\u00edm ale aj v\u00fdvozom v r\u00e1mci obchodovania s E\u00fa. Vlastne \u00fania je na takomto vz\u00e1jomnom obchodovan\u00ed z\u00e1visl\u00e1 podstatne ve\u013ekou mierou. Preto je ve\u013emi ot\u00e1zne, \u010di po brexite nastane aj czechxit \/tak\u00fdto term\u00edn sa u\u017e pomaly zav\u00e1dza do praxe\/. Pri odchode a teda preru\u0161en\u00ed obchodu by tak hrozil hromadn\u00fd krach viacer\u00fdch firiem, predov\u0161etk\u00fdm t\u00fdch na \u010deskom \u00fazem\u00ed. Z toho n\u00e1sledne vypl\u00fdva masov\u00e9 prep\u00fa\u0161\u0165anie zamestancov. Bez prikreslenia v\u00e1\u017enosti z mojej strany, skuto\u010dne sa vrav\u00ed sa a\u017e o krachu po\u010detn\u00fdch v\u00fdrobcov a predajcov, \u010do m\u00e1 nazna\u010dova\u0165, do akej miery m\u00e1 by\u0165 \u010desk\u00e1 ekonomika z\u00e1visl\u00e1 na obchodovan\u00ed v r\u00e1mci E\u00fa, teda aj na zotrvan\u00ed v \u00fanii.\u2022\u00a0\u00a0\u00a0\u00a0\u00a0\u00a0\u00a0\u00a0 T\u00fdmito tvrdeniami v\u0161ak hodnot\u00edm mo\u017en\u00fa situ\u00e1ciu objekt\u00edvnym poh\u013eadom, vlastn\u00fd n\u00e1zor o tom, \u010di by bolo vyst\u00fapenie z E\u00fa negat\u00edvom alebo pozit\u00edvom som nezapojil, o tom zrejme nem\u00e1m pr\u00e1vo rozhodova\u0165. Za\u010d\u00edname si nebezpe\u010dne zvyka\u0165, \u017ee n\u00e1zor be\u017en\u00fdch \u013eud\u00ed bez politickej imunity \u010di v\u00e4\u010d\u0161ieho vplyvu u\u017e ni\u010d neznamen\u00e1. Tvrdenie o mo\u017en\u00fdch negat\u00edvach t\u00fdkaj\u00facich sa odchodu m\u00f4\u017eu by\u0165 z viacer\u00fdch uhlov re\u00e1lne, ale sami vid\u00edme, \u017ee z E\u00fa nie je \u013eahk\u00e1 cesta von, tento fakt zna\u010d\u00ed vlastne aj celkov\u00fa &#8222;slobodu&#8220;, akej sa \u0161t\u00e1tom pri tomto spojen\u00ed z E\u00fa dost\u00e1va. Ned\u00e1 mi teda nepripomen\u00fa\u0165, \u017ee zotrvanie v E\u00fa tak nemus\u00ed by\u0165 takisto 100% pozit\u00edvnou vo\u013ebou.Pokia\u013e sa maj\u00fa mo\u017enos\u0165 rozhodn\u00fa\u0165 i samotn\u00ed \u010desk\u00ed ob\u010dania, \u010do by malo by\u0165 v demokratickom \u0161t\u00e1te prioritou \u010d\u00edslo jedna, malo by pr\u00eds\u0165 na program referendum, rovnako ako tomu bolo vo Ve\u013ekej Brit\u00e1nii.\u00a0                                                                                                                                                                                                                                                                                                                                                                                        5\/5 - (5 votes)        "},{"@context":"https:\/\/schema.org\/","@type":"BreadcrumbList","itemListElement":[{"@type":"ListItem","position":1,"name":"Vyst\u00fapenie \u010ceska z E\u00fa?","item":"https:\/\/www.adoos.sk\/vystupenie-ceska-z-eu\/#breadcrumbitem"}]}]