[{"@context":"https:\/\/schema.org\/","@type":"Article","@id":"https:\/\/www.adoos.sk\/viete-co-vsetko-skodi-vasim-vlasom\/#Article","mainEntityOfPage":"https:\/\/www.adoos.sk\/viete-co-vsetko-skodi-vasim-vlasom\/","headline":"Viete \u010do v\u0161etko \u0161kod\u00ed va\u0161im vlasom?","name":"Viete \u010do v\u0161etko \u0161kod\u00ed va\u0161im vlasom?","description":"Vlasy s\u00fa ozdobou ka\u017edej \u017eeny. N\u00e1dhern\u00e1 hust\u00e1 leskl\u00e1 hriva \u2013 ktor\u00e1 z\u00a0n\u00e1s po takej net\u00fa\u017ei. V\u00a0snahe ma\u0165 zdrav\u00e9, hust\u00e9 a\u00a0kr\u00e1sne vlasy rob\u00edme \u010doko\u013evek. Sk\u00fa\u0161ame r\u00f4zne \u0161amp\u00f3ny, z\u00e1baly, r\u00f4zne kondicion\u00e9ry,&#8230; Chceme doda\u0165 vlasom v\u0161etko \u010do potrebuj\u00fa len aby sme sa nimi mohli p\u00fd\u0161i\u0165. Pritom im \u0161kod\u00edme a\u00a0ani si to neuvedomujeme. \u010co ni\u010d\u00ed na\u0161e vlasy.Farbenie, odfarbovanie, mel\u00edr\u2013 &hellip; <div class=\"link-more text-center\"><a href=\"https:\/\/www.adoos.sk\/viete-co-vsetko-skodi-vasim-vlasom\/\" class=\"more-link py-2 px-4\">Read More<span class=\"screen-reader-text\"> \"Viete \u010do v\u0161etko \u0161kod\u00ed va\u0161im vlasom?\"<\/span><\/a><\/div>","datePublished":"2018-09-08","dateModified":"2023-04-25","author":{"@type":"Person","@id":"https:\/\/www.adoos.sk\/author\/#Person","name":"","url":"https:\/\/www.adoos.sk\/author\/","identifier":1,"image":{"@type":"ImageObject","@id":"https:\/\/secure.gravatar.com\/avatar\/390ba47df5874845ef3762ac16ecd0a67f4e30c13cbb7c7ee444ade303aa885b?s=96&d=mm&r=g","url":"https:\/\/secure.gravatar.com\/avatar\/390ba47df5874845ef3762ac16ecd0a67f4e30c13cbb7c7ee444ade303aa885b?s=96&d=mm&r=g","height":96,"width":96}},"publisher":{"@type":"Organization","name":"adoos.sk","logo":{"@type":"ImageObject","@id":"\/logo.png","url":"\/logo.png","width":600,"height":60}},"image":{"@type":"ImageObject","@id":"https:\/\/www.adoos.sk\/wp-content\/uploads\/img_a293003_w2013_t1541698748.jpg","url":"https:\/\/www.adoos.sk\/wp-content\/uploads\/img_a293003_w2013_t1541698748.jpg","height":0,"width":0},"url":"https:\/\/www.adoos.sk\/viete-co-vsetko-skodi-vasim-vlasom\/","wordCount":397,"articleBody":"Vlasy s\u00fa ozdobou ka\u017edej \u017eeny. N\u00e1dhern\u00e1 hust\u00e1 leskl\u00e1 hriva \u2013 ktor\u00e1 z\u00a0n\u00e1s po takej net\u00fa\u017ei. V\u00a0snahe ma\u0165 zdrav\u00e9, hust\u00e9 a\u00a0kr\u00e1sne vlasy rob\u00edme \u010doko\u013evek. Sk\u00fa\u0161ame r\u00f4zne \u0161amp\u00f3ny, z\u00e1baly, r\u00f4zne kondicion\u00e9ry,&#8230; Chceme doda\u0165 vlasom v\u0161etko \u010do potrebuj\u00fa len aby sme sa nimi mohli p\u00fd\u0161i\u0165. Pritom im \u0161kod\u00edme a\u00a0ani si to neuvedomujeme.\u010co ni\u010d\u00ed na\u0161e vlasy.Farbenie, odfarbovanie, mel\u00edr\u2013 zmena je \u017eivot. Raz m\u00e1me blon\u010fav\u00fa hrivu a\u00a0n\u00e1sledne zat\u00fa\u017eime po tmav\u0161om odtieni. Farby na vlasy s\u00fa pln\u00e9 ch\u00e9mie, ktor\u00e1 vlasom jednozna\u010dne \u0161kod\u00ed. Preto pou\u017e\u00edvajte len kvalitn\u00e9 farby, ktor\u00e9 \u0161kodia tie\u017e, ale nie v\u00a0takej miere ako tie menej kvalitn\u00e9. Farben\u00edm na vlasy prid\u00e1vame pigment \u2013 t\u00e1to proced\u00fara nie je ve\u013emi \u0161kodliv\u00e1. Odfarbovanie je pre vlasy nam\u00e1havej\u0161ie. Odfarbovan\u00edm, alebo mel\u00edrom sa pigment z\u00a0vlasov odstra\u0148uje. Vlas sa tak st\u00e1va ten\u0161\u00edm, jemnej\u0161\u00edm a\u00a0krehkej\u0161\u00edm.Kulmovanie, \u017eehlenie\u2013 kulmy aj \u017eehli\u010dky na vlasy produkuj\u00fa teplo. Vplyvom tepla sa nar\u00fa\u0161a \u0161trukt\u00fara vlasu. Vlas sa vysu\u0161uje a\u00a0je n\u00e1chylnej\u0161\u00ed na l\u00e1manie.F\u00e9novanie \u2013 vlasy zmy\u0165, r\u00fdchlo vyf\u00e9nova\u0165 a\u00a0uteka\u0165 von \u2013 ako \u010dasto to takto rob\u00edte? F\u00e9nova\u0165 by ste mali vlasy z\u00a0v\u00e4\u010d\u0161ej vzdialenosti. Hor\u00faci vzduch mokr\u00fdm vlasom nerob\u00ed dobre \u2013 s\u00fa krehkej\u0161ie a\u00a0such\u0161ie. Mokr\u00e9 vlasy f\u00e9nujte mierne tepl\u00fdm vzduchom, nie hor\u00facim.Mokr\u00e9 vlasy\u2013 mokr\u00e9 vlasy s\u00fa n\u00e1chylnej\u0161ie na po\u0161kodenie ne\u017e such\u00e9. Pokia\u013e si mokr\u00e9 vlasy triede uter\u00e1kom, \u017em\u00fdkate rob\u00edte zle. Nar\u00fa\u0161ate tak \u0161trukt\u00faru vlasu. Vlasy nechajte vo\u013ene vyschn\u00fa\u0165. Hrebe\u0148 vezmite do ruky a\u017e ke\u010f s\u00fa vlasy such\u00e9. Neroz\u010des\u00e1vajte ich k\u00fdm s\u00fa mokr\u00e9.\u00da\u010desy\u2013 zlo\u017eit\u00e9 \u00fa\u010desy vlasy nam\u00e1haj\u00fa. Ak nos\u00edte \u010dasto cop, vrko\u010d, alebo drdol m\u00e1te vlasy st\u00e1le stiahnut\u00e9 \u010do im nerob\u00ed dobre.Predl\u017eovanie vlasov\u2013 ma\u0165 dlh\u00e9 vlasy dnes u\u017e m\u00f4\u017eete aj po jednej n\u00e1v\u0161teve kadern\u00edctva. Predl\u017eovanie vlasov je ale tou naj\u0161kodlivej\u0161ou proced\u00farou, ktorou m\u00f4\u017eete svoje vlasy za\u0165a\u017ei\u0165. Vlasy pod z\u00e1\u0165a\u017eou pridan\u00fdch vlasov m\u00f4\u017eu za\u010da\u0165 vypad\u00e1va\u0165, l\u00e1ma\u0165 sa a\u00a0ohrozen\u00e9 s\u00fa aj vlasov\u00e9 folikuly (korienky), ktor\u00e9 m\u00f4\u017eu vypadn\u00fa\u0165.                                                                                                                                                                                                                                                                                                                                                                                        4.4\/5 - (9 votes)        "},{"@context":"https:\/\/schema.org\/","@type":"BreadcrumbList","itemListElement":[{"@type":"ListItem","position":1,"name":"Viete \u010do v\u0161etko \u0161kod\u00ed va\u0161im vlasom?","item":"https:\/\/www.adoos.sk\/viete-co-vsetko-skodi-vasim-vlasom\/#breadcrumbitem"}]}]