[{"@context":"https:\/\/schema.org\/","@type":"Blog","@id":"https:\/\/www.adoos.sk#Blog","headline":"Adoos","description":"\nViagra nie je jedin\u00fdm liekom na potenciu, je\u017eko ne\u017eerie jablk\u00e1 a na ostrove Lesbos ne\u017eij\u00fa homosexu\u00e1li. Ne\u017eite v omyle. \u010c\u00edtajte n\u00e1\u0161 on-line magaz\u00edn.","url":"https:\/\/www.adoos.sk","hasPart":[{"@type":"Article","@id":"https:\/\/www.adoos.sk\/vystupenie-ceska-z-eu\/","headline":"Vyst\u00fapenie \u010ceska z E\u00fa?","url":"https:\/\/www.adoos.sk\/vystupenie-ceska-z-eu\/","datePublished":"2018-01-10","dateModified":"2023-04-25","mainEntityOfPage":"https:\/\/www.adoos.sk\/vystupenie-ceska-z-eu\/","author":{"@type":"Person","@id":"https:\/\/www.adoos.sk\/author\/#Person","name":"","url":"https:\/\/www.adoos.sk\/author\/","identifier":1,"image":{"@type":"ImageObject","@id":"https:\/\/secure.gravatar.com\/avatar\/390ba47df5874845ef3762ac16ecd0a67f4e30c13cbb7c7ee444ade303aa885b?s=96&d=mm&r=g","url":"https:\/\/secure.gravatar.com\/avatar\/390ba47df5874845ef3762ac16ecd0a67f4e30c13cbb7c7ee444ade303aa885b?s=96&d=mm&r=g","height":96,"width":96}},"publisher":{"@type":"Organization","name":"adoos.sk","logo":{"@type":"ImageObject","@id":"\/logo.png","url":"\/logo.png","width":600,"height":60}},"image":{"@type":"ImageObject","@id":"https:\/\/www.adoos.sk\/wp-content\/uploads\/img_a285594_w2013_t1520706561.jpg","url":"https:\/\/www.adoos.sk\/wp-content\/uploads\/img_a285594_w2013_t1520706561.jpg","height":0,"width":0},"wordCount":453,"keywords":null},{"@type":"Article","@id":"https:\/\/www.adoos.sk\/federalne-spojenie-vsetkych-krajin-eu\/","headline":"Feder\u00e1lne spojenie v\u0161etk\u00fdch kraj\u00edn E\u00fa","url":"https:\/\/www.adoos.sk\/federalne-spojenie-vsetkych-krajin-eu\/","datePublished":"2018-01-10","dateModified":"2023-04-25","mainEntityOfPage":"https:\/\/www.adoos.sk\/federalne-spojenie-vsetkych-krajin-eu\/","author":{"@type":"Person","@id":"https:\/\/www.adoos.sk\/author\/#Person","name":"","url":"https:\/\/www.adoos.sk\/author\/","identifier":1,"image":{"@type":"ImageObject","@id":"https:\/\/secure.gravatar.com\/avatar\/390ba47df5874845ef3762ac16ecd0a67f4e30c13cbb7c7ee444ade303aa885b?s=96&d=mm&r=g","url":"https:\/\/secure.gravatar.com\/avatar\/390ba47df5874845ef3762ac16ecd0a67f4e30c13cbb7c7ee444ade303aa885b?s=96&d=mm&r=g","height":96,"width":96}},"publisher":{"@type":"Organization","name":"adoos.sk","logo":{"@type":"ImageObject","@id":"\/logo.png","url":"\/logo.png","width":600,"height":60}},"image":{"@type":"ImageObject","@id":"https:\/\/www.adoos.sk\/wp-content\/uploads\/img_a285585_w2013_t1520705538.jpg","url":"https:\/\/www.adoos.sk\/wp-content\/uploads\/img_a285585_w2013_t1520705538.jpg","height":0,"width":0},"wordCount":470,"keywords":null},{"@type":"Article","@id":"https:\/\/www.adoos.sk\/co-muzi-na-zenach-miluju\/","headline":"\u010co mu\u017ei na \u017een\u00e1ch miluj\u00fa?","url":"https:\/\/www.adoos.sk\/co-muzi-na-zenach-miluju\/","datePublished":"2018-01-07","dateModified":"2023-04-25","mainEntityOfPage":"https:\/\/www.adoos.sk\/co-muzi-na-zenach-miluju\/","author":{"@type":"Person","@id":"https:\/\/www.adoos.sk\/author\/#Person","name":"","url":"https:\/\/www.adoos.sk\/author\/","identifier":1,"image":{"@type":"ImageObject","@id":"https:\/\/secure.gravatar.com\/avatar\/390ba47df5874845ef3762ac16ecd0a67f4e30c13cbb7c7ee444ade303aa885b?s=96&d=mm&r=g","url":"https:\/\/secure.gravatar.com\/avatar\/390ba47df5874845ef3762ac16ecd0a67f4e30c13cbb7c7ee444ade303aa885b?s=96&d=mm&r=g","height":96,"width":96}},"publisher":{"@type":"Organization","name":"adoos.sk","logo":{"@type":"ImageObject","@id":"\/logo.png","url":"\/logo.png","width":600,"height":60}},"image":{"@type":"ImageObject","@id":"https:\/\/www.adoos.sk\/wp-content\/uploads\/img_a285459_w2013_t1520436151.jpg","url":"https:\/\/www.adoos.sk\/wp-content\/uploads\/img_a285459_w2013_t1520436151.jpg","height":0,"width":0},"wordCount":497,"keywords":null},{"@type":"Article","@id":"https:\/\/www.adoos.sk\/prirodna-starostlivost-o-plet\/","headline":"Pr\u00edrodn\u00e1 starostlivos\u0165 o ple\u0165","url":"https:\/\/www.adoos.sk\/prirodna-starostlivost-o-plet\/","datePublished":"2018-01-06","dateModified":"2023-04-25","mainEntityOfPage":"https:\/\/www.adoos.sk\/prirodna-starostlivost-o-plet\/","author":{"@type":"Person","@id":"https:\/\/www.adoos.sk\/author\/#Person","name":"","url":"https:\/\/www.adoos.sk\/author\/","identifier":1,"image":{"@type":"ImageObject","@id":"https:\/\/secure.gravatar.com\/avatar\/390ba47df5874845ef3762ac16ecd0a67f4e30c13cbb7c7ee444ade303aa885b?s=96&d=mm&r=g","url":"https:\/\/secure.gravatar.com\/avatar\/390ba47df5874845ef3762ac16ecd0a67f4e30c13cbb7c7ee444ade303aa885b?s=96&d=mm&r=g","height":96,"width":96}},"publisher":{"@type":"Organization","name":"adoos.sk","logo":{"@type":"ImageObject","@id":"\/logo.png","url":"\/logo.png","width":600,"height":60}},"image":{"@type":"ImageObject","@id":"https:\/\/www.adoos.sk\/wp-content\/uploads\/img_a285411_w2013_t1520338933.jpg","url":"https:\/\/www.adoos.sk\/wp-content\/uploads\/img_a285411_w2013_t1520338933.jpg","height":0,"width":0},"wordCount":530,"keywords":null},{"@type":"Article","@id":"https:\/\/www.adoos.sk\/ako-ma-vyzerat-dnesny-idealny-prut\/","headline":"Ako m\u00e1 vyzera\u0165 dne\u0161n\u00fd ide\u00e1lny pr\u00fat?","url":"https:\/\/www.adoos.sk\/ako-ma-vyzerat-dnesny-idealny-prut\/","datePublished":"2017-12-23","dateModified":"2023-04-25","mainEntityOfPage":"https:\/\/www.adoos.sk\/ako-ma-vyzerat-dnesny-idealny-prut\/","author":{"@type":"Person","@id":"https:\/\/www.adoos.sk\/author\/#Person","name":"","url":"https:\/\/www.adoos.sk\/author\/","identifier":1,"image":{"@type":"ImageObject","@id":"https:\/\/secure.gravatar.com\/avatar\/390ba47df5874845ef3762ac16ecd0a67f4e30c13cbb7c7ee444ade303aa885b?s=96&d=mm&r=g","url":"https:\/\/secure.gravatar.com\/avatar\/390ba47df5874845ef3762ac16ecd0a67f4e30c13cbb7c7ee444ade303aa885b?s=96&d=mm&r=g","height":96,"width":96}},"publisher":{"@type":"Organization","name":"adoos.sk","logo":{"@type":"ImageObject","@id":"\/logo.png","url":"\/logo.png","width":600,"height":60}},"image":{"@type":"ImageObject","@id":"https:\/\/www.adoos.sk\/wp-content\/uploads\/img_a285189_w2013_t1519389191.jpg","url":"https:\/\/www.adoos.sk\/wp-content\/uploads\/img_a285189_w2013_t1519389191.jpg","height":0,"width":0},"wordCount":572,"keywords":null},{"@type":"Article","@id":"https:\/\/www.adoos.sk\/rozsirte-svoj-byt\/","headline":"Roz\u0161\u00edrte svoj byt","url":"https:\/\/www.adoos.sk\/rozsirte-svoj-byt\/","datePublished":"2017-12-23","dateModified":"2023-04-25","mainEntityOfPage":"https:\/\/www.adoos.sk\/rozsirte-svoj-byt\/","author":{"@type":"Person","@id":"https:\/\/www.adoos.sk\/author\/#Person","name":"","url":"https:\/\/www.adoos.sk\/author\/","identifier":1,"image":{"@type":"ImageObject","@id":"https:\/\/secure.gravatar.com\/avatar\/390ba47df5874845ef3762ac16ecd0a67f4e30c13cbb7c7ee444ade303aa885b?s=96&d=mm&r=g","url":"https:\/\/secure.gravatar.com\/avatar\/390ba47df5874845ef3762ac16ecd0a67f4e30c13cbb7c7ee444ade303aa885b?s=96&d=mm&r=g","height":96,"width":96}},"publisher":{"@type":"Organization","name":"adoos.sk","logo":{"@type":"ImageObject","@id":"\/logo.png","url":"\/logo.png","width":600,"height":60}},"image":{"@type":"ImageObject","@id":"https:\/\/www.adoos.sk\/wp-content\/uploads\/img_a285170_w2013_t1519383781.jpg","url":"https:\/\/www.adoos.sk\/wp-content\/uploads\/img_a285170_w2013_t1519383781.jpg","height":0,"width":0},"wordCount":543,"keywords":null},{"@type":"Article","@id":"https:\/\/www.adoos.sk\/spoznajte-krasy-londyna-najnavstevovanejsie-mesto-na-svete\/","headline":"Spoznajte kr\u00e1sy Lond\u00fdna \u2013 najnav\u0161tevovanej\u0161ie mesto na svete!","url":"https:\/\/www.adoos.sk\/spoznajte-krasy-londyna-najnavstevovanejsie-mesto-na-svete\/","datePublished":"2017-12-05","dateModified":"2023-04-25","mainEntityOfPage":"https:\/\/www.adoos.sk\/spoznajte-krasy-londyna-najnavstevovanejsie-mesto-na-svete\/","author":{"@type":"Person","@id":"https:\/\/www.adoos.sk\/author\/#Person","name":"","url":"https:\/\/www.adoos.sk\/author\/","identifier":1,"image":{"@type":"ImageObject","@id":"https:\/\/secure.gravatar.com\/avatar\/390ba47df5874845ef3762ac16ecd0a67f4e30c13cbb7c7ee444ade303aa885b?s=96&d=mm&r=g","url":"https:\/\/secure.gravatar.com\/avatar\/390ba47df5874845ef3762ac16ecd0a67f4e30c13cbb7c7ee444ade303aa885b?s=96&d=mm&r=g","height":96,"width":96}},"publisher":{"@type":"Organization","name":"adoos.sk","logo":{"@type":"ImageObject","@id":"\/logo.png","url":"\/logo.png","width":600,"height":60}},"image":{"@type":"ImageObject","@id":"https:\/\/www.adoos.sk\/wp-content\/uploads\/img_a284793_w2013_t1517859862.jpg","url":"https:\/\/www.adoos.sk\/wp-content\/uploads\/img_a284793_w2013_t1517859862.jpg","height":0,"width":0},"wordCount":553,"keywords":null},{"@type":"Article","@id":"https:\/\/www.adoos.sk\/ako-najst-lacne-letenky\/","headline":"Ako n\u00e1js\u0165 lacn\u00e9 letenky?","url":"https:\/\/www.adoos.sk\/ako-najst-lacne-letenky\/","datePublished":"2017-11-30","dateModified":"2023-04-25","mainEntityOfPage":"https:\/\/www.adoos.sk\/ako-najst-lacne-letenky\/","author":{"@type":"Person","@id":"https:\/\/www.adoos.sk\/author\/#Person","name":"","url":"https:\/\/www.adoos.sk\/author\/","identifier":1,"image":{"@type":"ImageObject","@id":"https:\/\/secure.gravatar.com\/avatar\/390ba47df5874845ef3762ac16ecd0a67f4e30c13cbb7c7ee444ade303aa885b?s=96&d=mm&r=g","url":"https:\/\/secure.gravatar.com\/avatar\/390ba47df5874845ef3762ac16ecd0a67f4e30c13cbb7c7ee444ade303aa885b?s=96&d=mm&r=g","height":96,"width":96}},"publisher":{"@type":"Organization","name":"adoos.sk","logo":{"@type":"ImageObject","@id":"\/logo.png","url":"\/logo.png","width":600,"height":60}},"image":{"@type":"ImageObject","@id":"https:\/\/www.adoos.sk\/wp-content\/uploads\/img_a284715_w2013_t1517416124.jpg","url":"https:\/\/www.adoos.sk\/wp-content\/uploads\/img_a284715_w2013_t1517416124.jpg","height":0,"width":0},"wordCount":590,"keywords":null},{"@type":"Article","@id":"https:\/\/www.adoos.sk\/do-tepla-v-januari\/","headline":"Do tepla v janu\u00e1ri","url":"https:\/\/www.adoos.sk\/do-tepla-v-januari\/","datePublished":"2017-11-30","dateModified":"2023-04-25","mainEntityOfPage":"https:\/\/www.adoos.sk\/do-tepla-v-januari\/","author":{"@type":"Person","@id":"https:\/\/www.adoos.sk\/author\/#Person","name":"","url":"https:\/\/www.adoos.sk\/author\/","identifier":1,"image":{"@type":"ImageObject","@id":"https:\/\/secure.gravatar.com\/avatar\/390ba47df5874845ef3762ac16ecd0a67f4e30c13cbb7c7ee444ade303aa885b?s=96&d=mm&r=g","url":"https:\/\/secure.gravatar.com\/avatar\/390ba47df5874845ef3762ac16ecd0a67f4e30c13cbb7c7ee444ade303aa885b?s=96&d=mm&r=g","height":96,"width":96}},"publisher":{"@type":"Organization","name":"adoos.sk","logo":{"@type":"ImageObject","@id":"\/logo.png","url":"\/logo.png","width":600,"height":60}},"image":{"@type":"ImageObject","@id":"https:\/\/www.adoos.sk\/wp-content\/uploads\/img_a284698_w2013_t1517414659.jpg","url":"https:\/\/www.adoos.sk\/wp-content\/uploads\/img_a284698_w2013_t1517414659.jpg","height":0,"width":0},"wordCount":512,"keywords":null},{"@type":"Article","@id":"https:\/\/www.adoos.sk\/prejav-nenavisti-bude-pokutovany-obrovskou-ciastkou\/","headline":"Prejav nen\u00e1visti bude pokutovan\u00fd obrovskou \u010diastkou","url":"https:\/\/www.adoos.sk\/prejav-nenavisti-bude-pokutovany-obrovskou-ciastkou\/","datePublished":"2017-11-10","dateModified":"2023-04-25","mainEntityOfPage":"https:\/\/www.adoos.sk\/prejav-nenavisti-bude-pokutovany-obrovskou-ciastkou\/","author":{"@type":"Person","@id":"https:\/\/www.adoos.sk\/author\/#Person","name":"","url":"https:\/\/www.adoos.sk\/author\/","identifier":1,"image":{"@type":"ImageObject","@id":"https:\/\/secure.gravatar.com\/avatar\/390ba47df5874845ef3762ac16ecd0a67f4e30c13cbb7c7ee444ade303aa885b?s=96&d=mm&r=g","url":"https:\/\/secure.gravatar.com\/avatar\/390ba47df5874845ef3762ac16ecd0a67f4e30c13cbb7c7ee444ade303aa885b?s=96&d=mm&r=g","height":96,"width":96}},"publisher":{"@type":"Organization","name":"adoos.sk","logo":{"@type":"ImageObject","@id":"\/logo.png","url":"\/logo.png","width":600,"height":60}},"image":{"@type":"ImageObject","@id":"https:\/\/www.adoos.sk\/wp-content\/uploads\/img_a284305_w2013_t1515599254.jpg","url":"https:\/\/www.adoos.sk\/wp-content\/uploads\/img_a284305_w2013_t1515599254.jpg","height":0,"width":0},"wordCount":562,"keywords":null}]},{"@context":"https:\/\/schema.org","@type":"WebSite","@id":"https:\/\/www.adoos.sk\/#website","name":"Adoos","url":"https:\/\/www.adoos.sk","potentialAction":{"@type":"SearchAction","target":"https:\/\/www.adoos.sk\/?s={search_term_string}","query-input":"required name=search_term_string"}}]