{"@context":"https:\/\/schema.org\/","@type":"CollectionPage","@id":"https:\/\/www.adoos.sk\/dom-a-byt\/#CollectionPage","headline":"Dom a byt Category","description":"","url":"https:\/\/www.adoos.sk\/dom-a-byt\/","hasPart":[{"@type":"Article","@id":"https:\/\/www.adoos.sk\/preco-a-nasledne-ako-by-ste-si-mali-vybrat-architekta\/","headline":"Pre\u010do a n\u00e1sledne ako by ste si mali vybra\u0165 architekta?","url":"https:\/\/www.adoos.sk\/preco-a-nasledne-ako-by-ste-si-mali-vybrat-architekta\/","datePublished":"2021-06-15","dateModified":"2023-10-14","mainEntityOfPage":"https:\/\/www.adoos.sk\/preco-a-nasledne-ako-by-ste-si-mali-vybrat-architekta\/","author":{"@type":"Person","@id":"https:\/\/www.adoos.sk\/author\/#Person","name":"","url":"https:\/\/www.adoos.sk\/author\/","identifier":1,"image":{"@type":"ImageObject","@id":"https:\/\/secure.gravatar.com\/avatar\/390ba47df5874845ef3762ac16ecd0a67f4e30c13cbb7c7ee444ade303aa885b?s=96&d=mm&r=g","url":"https:\/\/secure.gravatar.com\/avatar\/390ba47df5874845ef3762ac16ecd0a67f4e30c13cbb7c7ee444ade303aa885b?s=96&d=mm&r=g","height":96,"width":96}},"publisher":{"@type":"Organization","name":"adoos.sk","logo":{"@type":"ImageObject","@id":"\/logo.png","url":"\/logo.png","width":600,"height":60}},"image":{"@type":"ImageObject","@id":"https:\/\/www.adoos.sk\/wp-content\/uploads\/pl%C3%A1n,%20ceruza,%20prav%C3%ADtko_1.jpg","url":"https:\/\/www.adoos.sk\/wp-content\/uploads\/pl%C3%A1n,%20ceruza,%20prav%C3%ADtko_1.jpg","height":0,"width":0},"keywords":null},{"@type":"Article","@id":"https:\/\/www.adoos.sk\/pre-zaciatok-stavebne-puzdra\/","headline":"Pre za\u010diatok: Stavebn\u00e9 p\u00fazdra","url":"https:\/\/www.adoos.sk\/pre-zaciatok-stavebne-puzdra\/","datePublished":"2017-01-06","dateModified":"2023-04-25","mainEntityOfPage":"https:\/\/www.adoos.sk\/pre-zaciatok-stavebne-puzdra\/","author":{"@type":"Person","@id":"https:\/\/www.adoos.sk\/author\/#Person","name":"","url":"https:\/\/www.adoos.sk\/author\/","identifier":1,"image":{"@type":"ImageObject","@id":"https:\/\/secure.gravatar.com\/avatar\/390ba47df5874845ef3762ac16ecd0a67f4e30c13cbb7c7ee444ade303aa885b?s=96&d=mm&r=g","url":"https:\/\/secure.gravatar.com\/avatar\/390ba47df5874845ef3762ac16ecd0a67f4e30c13cbb7c7ee444ade303aa885b?s=96&d=mm&r=g","height":96,"width":96}},"publisher":{"@type":"Organization","name":"adoos.sk","logo":{"@type":"ImageObject","@id":"\/logo.png","url":"\/logo.png","width":600,"height":60}},"image":{"@type":"ImageObject","@id":"https:\/\/www.adoos.sk\/wp-content\/uploads\/img_a279847_w2013_t1601722264.jpg","url":"https:\/\/www.adoos.sk\/wp-content\/uploads\/img_a279847_w2013_t1601722264.jpg","height":0,"width":0},"keywords":null},{"@type":"Article","@id":"https:\/\/www.adoos.sk\/predaj-nehnutelnosti-uz-za-par-mesiacov\/","headline":"Predaj nehnute\u013enosti u\u017e za p\u00e1r mesiacov","url":"https:\/\/www.adoos.sk\/predaj-nehnutelnosti-uz-za-par-mesiacov\/","datePublished":"2016-12-19","dateModified":"2023-04-25","mainEntityOfPage":"https:\/\/www.adoos.sk\/predaj-nehnutelnosti-uz-za-par-mesiacov\/","author":{"@type":"Person","@id":"https:\/\/www.adoos.sk\/author\/#Person","name":"","url":"https:\/\/www.adoos.sk\/author\/","identifier":1,"image":{"@type":"ImageObject","@id":"https:\/\/secure.gravatar.com\/avatar\/390ba47df5874845ef3762ac16ecd0a67f4e30c13cbb7c7ee444ade303aa885b?s=96&d=mm&r=g","url":"https:\/\/secure.gravatar.com\/avatar\/390ba47df5874845ef3762ac16ecd0a67f4e30c13cbb7c7ee444ade303aa885b?s=96&d=mm&r=g","height":96,"width":96}},"publisher":{"@type":"Organization","name":"adoos.sk","logo":{"@type":"ImageObject","@id":"\/logo.png","url":"\/logo.png","width":600,"height":60}},"image":{"@type":"ImageObject","@id":"https:\/\/www.adoos.sk\/wp-content\/uploads\/img_a279592_w2013_t1601626432.jpg","url":"https:\/\/www.adoos.sk\/wp-content\/uploads\/img_a279592_w2013_t1601626432.jpg","height":0,"width":0},"keywords":null}]}